{"id":1787,"date":"2005-10-01T01:00:00","date_gmt":"2005-10-01T00:00:00","guid":{"rendered":"https:\/\/angh.net\/abstracts\/prise-en-charge-diagnostique-therapeutique-et-facteurs-predictifs-de-lesions-gastrointestinales-chez-les-personnes-agees-de-plus-de-75-ans-ayant-une-anemie-ferriprive-etude-prospective-chez-108-pati\/"},"modified":"2018-10-20T18:39:37","modified_gmt":"2018-10-20T16:39:37","slug":"prise-en-charge-diagnostique-therapeutique-et-facteurs-predictifs-de-lesions-gastrointestinales-chez-les-personnes-agees-de-plus-de-75-ans-ayant-une-anemie-ferriprive-etude-prospective-chez-108-pati","status":"publish","type":"post","link":"https:\/\/angh.net\/abstracts\/prise-en-charge-diagnostique-therapeutique-et-facteurs-predictifs-de-lesions-gastrointestinales-chez-les-personnes-agees-de-plus-de-75-ans-ayant-une-anemie-ferriprive-etude-prospective-chez-108-pati\/","title":{"rendered":"Prise en charge diagnostique, th\u00e9rapeutique et facteurs pr\u00e9dictifs de l\u00e9sions gastrointestinales chez les personnes \u00e2g\u00e9es de plus de 75 ans ayant une an\u00e9mie ferriprive: \u00e9tude prospective chez 108 patients"},"content":{"rendered":"<p><strong>2005<\/strong><\/p>\n<p><em>St\u00e9phane Nahon, Pierre Lahmek, Bruno Lesgourgues, V\u00e9ronique Veuillez, Thierry Tuszynski, Nicolas Delas<\/em><\/p>\n<p><strong>Gastroent\u00e9rologie <\/strong>&#8211; \u00a02005-05-31 &#8211;\u00a0CO &#8211;<\/p>\n<p>________________________________<\/p>\n<p>L\u2019an\u00e9mie ferriprive est une des principales causes d\u2019an\u00e9mie chez la personne \u00e2g\u00e9e. Elle est le plus souvent secondaire \u00e0 une l\u00e9sion du tractus digestif, n\u00e9cessitant la r\u00e9alisation d\u2019une exploration endoscopique. Cependant, ces examens ne sont pas toujours r\u00e9alisables en raison des comorbidit\u00e9s fr\u00e9quentes dans cette classe d\u2019\u00e2ge. Le but de ce travail prospectif a \u00e9t\u00e9 : 1) d\u2019\u00e9valuer la faisabilit\u00e9 des explorations endoscopiques dans cette classe d\u2019\u00e2ge, 2) de d\u00e9crire les l\u00e9sions observ\u00e9es, 3) de d\u00e9finir des facteurs pr\u00e9dictifs de l\u00e9sions gastrointestinales, 4) d\u2019\u00e9valuer la possibilit\u00e9 d\u2019une sanction th\u00e9rapeutique. M\u00e9thode : de juin 2003 \u00e0 Avril 2005, tous les patients \u00e2g\u00e9s de plus de 75 ans hospitalis\u00e9s dans notre h\u00f4pital et ayant une an\u00e9mie ont eu un bilan martial (ferritin\u00e9mie, fer s\u00e9rique, coefficient de saturation de la transferrine). Cent huit d\u2019entre eux avaient une an\u00e9mie ferriprive et ont \u00e9t\u00e9 inclus dans l\u2019\u00e9tude apr\u00e8s l\u2019obtention d\u2019un consentement \u00e9clair\u00e9. Nous avons \u00e9valu\u00e9 l\u2019impact th\u00e9rapeutique d\u00e9fini par le recours \u00e0 un traitement m\u00e9dical, endoscopique ou chirurgical. R\u00e9sultats : Il s\u2019agissait de 68 femmes et 40 hommes d\u2019\u00e2ge m\u00e9dian 81 (75-98) ans. 74 avaient au moins une comorbidit\u00e9 significative. Le score ASA m\u00e9dian \u00e9tait de 3. Neuf n\u2019ont eu aucune exploration en raison du mauvais \u00e9tat g\u00e9n\u00e9ral,  du refus des explorations par le patient ou son tuteur l\u00e9gal. Vingt n\u2019ont pas eu de coloscopie en raison du mauvais \u00e9tat g\u00e9n\u00e9ral ou de la pr\u00e9sence d\u2019une pathologie tumorale \u00e0 la gastroscopie. Parmi les 99 patients qui ont eu une exploration totale ou partielle (n=89), une cause a \u00e9t\u00e9 identifi\u00e9e dans 70 (70%) cas. Une l\u00e9sion synchrone \u00e9tait observ\u00e9e dans 28 cas, une l\u00e9sion colique dans 39 cas (dont 28 cancers colorectaux) et une l\u00e9sion oesogastroduod\u00e9nale dans 40 cas (dont seulement 5 cancers). Un traitement a \u00e9t\u00e9 possible dans 63 (90%) cas. Dans 26 cas, un traitement chirurgical a \u00e9t\u00e9 r\u00e9alis\u00e9 \u00e0 vis\u00e9e carcinologique dans 23 cas. Trois d\u00e9c\u00e8s post-op\u00e9ratoire ont \u00e9t\u00e9 observ\u00e9.<br \/>\nConclusion : l\u2019exploration du tractus digestif est le plus souvent r\u00e9alisable chez les personnes \u00e2g\u00e9es de plus de 75 ans ayant une an\u00e9mie ferriprive. Une l\u00e9sion est observ\u00e9e dans 70 % des cas, dont la premi\u00e8re cause est domin\u00e9e par le cancer du c\u00f4lon. Dans la majorit\u00e9 des cas, la mise en \u00e9vidence d\u2019une l\u00e9sion aboutit \u00e0 une sanction th\u00e9rapeutique \u00e0 vis\u00e9e curatrice y compris en cas de pathologie n\u00e9oplasique.<\/p>\n","protected":false},"excerpt":{"rendered":"<p>2005 St\u00e9phane Nahon, Pierre Lahmek, Bruno Lesgourgues, V\u00e9ronique Veuillez, Thierry Tuszynski, Nicolas Delas Gastroent\u00e9rologie &#8211; \u00a02005-05-31 &#8211;\u00a0CO &#8211; ________________________________ L\u2019an\u00e9mie ferriprive est une des principales causes d\u2019an\u00e9mie chez la personne \u00e2g\u00e9e. Elle est le plus souvent secondaire \u00e0 une l\u00e9sion du tractus digestif, n\u00e9cessitant la r\u00e9alisation d\u2019une exploration endoscopique. Cependant, ces examens ne sont pas [&hellip;]<\/p>\n","protected":false},"author":2,"featured_media":0,"comment_status":"open","ping_status":"open","sticky":false,"template":"","format":"standard","meta":{"_exactmetrics_skip_tracking":false,"_exactmetrics_sitenote_active":false,"_exactmetrics_sitenote_note":"","_exactmetrics_sitenote_category":0,"footnotes":""},"categories":[4],"tags":[16],"class_list":["post-1787","post","type-post","status-publish","format-standard","hentry","category-gastroenterologie","tag-16"],"yoast_head":"<!-- This site is optimized with the Yoast SEO plugin v27.2 - https:\/\/yoast.com\/product\/yoast-seo-wordpress\/ -->\n<title>Prise en charge diagnostique, th\u00e9rapeutique et facteurs pr\u00e9dictifs de l\u00e9sions gastrointestinales chez les personnes \u00e2g\u00e9es de plus de 75 ans ayant une an\u00e9mie ferriprive: \u00e9tude prospective chez 108 patients - Abstracts des congr\u00e8s de l&#039;ANGH<\/title>\n<meta name=\"description\" content=\"ANGH R\u00e9sum\u00e9s congr\u00e8s H\u00e9patologie Gastroent\u00e9romogie Hepatology Gastroenterology Etudes cliniques Clinical study\" \/>\n<meta name=\"robots\" content=\"index, follow, max-snippet:-1, max-image-preview:large, max-video-preview:-1\" \/>\n<link rel=\"canonical\" href=\"https:\/\/angh.net\/abstracts\/prise-en-charge-diagnostique-therapeutique-et-facteurs-predictifs-de-lesions-gastrointestinales-chez-les-personnes-agees-de-plus-de-75-ans-ayant-une-anemie-ferriprive-etude-prospective-chez-108-pati\/\" \/>\n<meta property=\"og:locale\" content=\"fr_FR\" \/>\n<meta property=\"og:type\" content=\"article\" \/>\n<meta property=\"og:title\" content=\"Prise en charge diagnostique, th\u00e9rapeutique et facteurs pr\u00e9dictifs de l\u00e9sions gastrointestinales chez les personnes \u00e2g\u00e9es de plus de 75 ans ayant une an\u00e9mie ferriprive: \u00e9tude prospective chez 108 patients - Abstracts des congr\u00e8s de l&#039;ANGH\" \/>\n<meta property=\"og:description\" content=\"ANGH R\u00e9sum\u00e9s congr\u00e8s H\u00e9patologie Gastroent\u00e9romogie Hepatology Gastroenterology Etudes cliniques Clinical study\" \/>\n<meta property=\"og:url\" content=\"https:\/\/angh.net\/abstracts\/prise-en-charge-diagnostique-therapeutique-et-facteurs-predictifs-de-lesions-gastrointestinales-chez-les-personnes-agees-de-plus-de-75-ans-ayant-une-anemie-ferriprive-etude-prospective-chez-108-pati\/\" \/>\n<meta property=\"og:site_name\" content=\"Abstracts des congr\u00e8s de l&#039;ANGH\" \/>\n<meta property=\"article:publisher\" content=\"https:\/\/www.facebook.com\/ANGH-2136322560030484\/\" \/>\n<meta property=\"article:published_time\" content=\"2005-10-01T00:00:00+00:00\" \/>\n<meta property=\"article:modified_time\" content=\"2018-10-20T16:39:37+00:00\" \/>\n<meta name=\"author\" content=\"abstracts\" \/>\n<meta name=\"twitter:card\" content=\"summary_large_image\" \/>\n<meta name=\"twitter:label1\" content=\"\u00c9crit par\" \/>\n\t<meta name=\"twitter:data1\" content=\"abstracts\" \/>\n\t<meta name=\"twitter:label2\" content=\"Dur\u00e9e de lecture estim\u00e9e\" \/>\n\t<meta name=\"twitter:data2\" content=\"2 minutes\" \/>\n<script type=\"application\/ld+json\" class=\"yoast-schema-graph\">{\"@context\":\"https:\/\/schema.org\",\"@graph\":[{\"@type\":\"Article\",\"@id\":\"https:\/\/angh.net\/abstracts\/prise-en-charge-diagnostique-therapeutique-et-facteurs-predictifs-de-lesions-gastrointestinales-chez-les-personnes-agees-de-plus-de-75-ans-ayant-une-anemie-ferriprive-etude-prospective-chez-108-pati\/#article\",\"isPartOf\":{\"@id\":\"https:\/\/angh.net\/abstracts\/prise-en-charge-diagnostique-therapeutique-et-facteurs-predictifs-de-lesions-gastrointestinales-chez-les-personnes-agees-de-plus-de-75-ans-ayant-une-anemie-ferriprive-etude-prospective-chez-108-pati\/\"},\"author\":{\"name\":\"abstracts\",\"@id\":\"https:\/\/angh.net\/abstracts\/#\/schema\/person\/f532083854369dca4b9f509cfbad90e1\"},\"headline\":\"Prise en charge diagnostique, th\u00e9rapeutique et facteurs pr\u00e9dictifs de l\u00e9sions gastrointestinales chez les personnes \u00e2g\u00e9es de plus de 75 ans ayant une an\u00e9mie ferriprive: \u00e9tude prospective chez 108 patients\",\"datePublished\":\"2005-10-01T00:00:00+00:00\",\"dateModified\":\"2018-10-20T16:39:37+00:00\",\"mainEntityOfPage\":{\"@id\":\"https:\/\/angh.net\/abstracts\/prise-en-charge-diagnostique-therapeutique-et-facteurs-predictifs-de-lesions-gastrointestinales-chez-les-personnes-agees-de-plus-de-75-ans-ayant-une-anemie-ferriprive-etude-prospective-chez-108-pati\/\"},\"wordCount\":483,\"commentCount\":0,\"publisher\":{\"@id\":\"https:\/\/angh.net\/abstracts\/#organization\"},\"keywords\":[\"2005\"],\"articleSection\":[\"Gastroenterologie\"],\"inLanguage\":\"fr-FR\"},{\"@type\":\"WebPage\",\"@id\":\"https:\/\/angh.net\/abstracts\/prise-en-charge-diagnostique-therapeutique-et-facteurs-predictifs-de-lesions-gastrointestinales-chez-les-personnes-agees-de-plus-de-75-ans-ayant-une-anemie-ferriprive-etude-prospective-chez-108-pati\/\",\"url\":\"https:\/\/angh.net\/abstracts\/prise-en-charge-diagnostique-therapeutique-et-facteurs-predictifs-de-lesions-gastrointestinales-chez-les-personnes-agees-de-plus-de-75-ans-ayant-une-anemie-ferriprive-etude-prospective-chez-108-pati\/\",\"name\":\"Prise en charge diagnostique, th\u00e9rapeutique et facteurs pr\u00e9dictifs de l\u00e9sions gastrointestinales chez les personnes \u00e2g\u00e9es de plus de 75 ans ayant une an\u00e9mie ferriprive: \u00e9tude prospective chez 108 patients - Abstracts des congr\u00e8s de l&#039;ANGH\",\"isPartOf\":{\"@id\":\"https:\/\/angh.net\/abstracts\/#website\"},\"datePublished\":\"2005-10-01T00:00:00+00:00\",\"dateModified\":\"2018-10-20T16:39:37+00:00\",\"description\":\"ANGH R\u00e9sum\u00e9s congr\u00e8s H\u00e9patologie Gastroent\u00e9romogie Hepatology Gastroenterology Etudes cliniques Clinical study\",\"breadcrumb\":{\"@id\":\"https:\/\/angh.net\/abstracts\/prise-en-charge-diagnostique-therapeutique-et-facteurs-predictifs-de-lesions-gastrointestinales-chez-les-personnes-agees-de-plus-de-75-ans-ayant-une-anemie-ferriprive-etude-prospective-chez-108-pati\/#breadcrumb\"},\"inLanguage\":\"fr-FR\",\"potentialAction\":[{\"@type\":\"ReadAction\",\"target\":[\"https:\/\/angh.net\/abstracts\/prise-en-charge-diagnostique-therapeutique-et-facteurs-predictifs-de-lesions-gastrointestinales-chez-les-personnes-agees-de-plus-de-75-ans-ayant-une-anemie-ferriprive-etude-prospective-chez-108-pati\/\"]}]},{\"@type\":\"BreadcrumbList\",\"@id\":\"https:\/\/angh.net\/abstracts\/prise-en-charge-diagnostique-therapeutique-et-facteurs-predictifs-de-lesions-gastrointestinales-chez-les-personnes-agees-de-plus-de-75-ans-ayant-une-anemie-ferriprive-etude-prospective-chez-108-pati\/#breadcrumb\",\"itemListElement\":[{\"@type\":\"ListItem\",\"position\":1,\"name\":\"Accueil\",\"item\":\"https:\/\/angh.net\/abstracts\/\"},{\"@type\":\"ListItem\",\"position\":2,\"name\":\"Prise en charge diagnostique, th\u00e9rapeutique et facteurs pr\u00e9dictifs de l\u00e9sions gastrointestinales chez les personnes \u00e2g\u00e9es de plus de 75 ans ayant une an\u00e9mie ferriprive: \u00e9tude prospective chez 108 patients\"}]},{\"@type\":\"WebSite\",\"@id\":\"https:\/\/angh.net\/abstracts\/#website\",\"url\":\"https:\/\/angh.net\/abstracts\/\",\"name\":\"Abstracts des congr\u00e8s de l&#039;ANGH\",\"description\":\"Base de donn\u00e9es des abstracts du congr\u00e8s depuis 2003\",\"publisher\":{\"@id\":\"https:\/\/angh.net\/abstracts\/#organization\"},\"potentialAction\":[{\"@type\":\"SearchAction\",\"target\":{\"@type\":\"EntryPoint\",\"urlTemplate\":\"https:\/\/angh.net\/abstracts\/?s={search_term_string}\"},\"query-input\":{\"@type\":\"PropertyValueSpecification\",\"valueRequired\":true,\"valueName\":\"search_term_string\"}}],\"inLanguage\":\"fr-FR\"},{\"@type\":\"Organization\",\"@id\":\"https:\/\/angh.net\/abstracts\/#organization\",\"name\":\"ANGH\",\"url\":\"https:\/\/angh.net\/abstracts\/\",\"logo\":{\"@type\":\"ImageObject\",\"inLanguage\":\"fr-FR\",\"@id\":\"https:\/\/angh.net\/abstracts\/#\/schema\/logo\/image\/\",\"url\":\"https:\/\/angh.net\/abstracts\/wp-content\/uploads\/sites\/2\/2018\/10\/logo_angh_2018_-48px.jpg\",\"contentUrl\":\"https:\/\/angh.net\/abstracts\/wp-content\/uploads\/sites\/2\/2018\/10\/logo_angh_2018_-48px.jpg\",\"width\":48,\"height\":18,\"caption\":\"ANGH\"},\"image\":{\"@id\":\"https:\/\/angh.net\/abstracts\/#\/schema\/logo\/image\/\"},\"sameAs\":[\"https:\/\/www.facebook.com\/ANGH-2136322560030484\/\"]},{\"@type\":\"Person\",\"@id\":\"https:\/\/angh.net\/abstracts\/#\/schema\/person\/f532083854369dca4b9f509cfbad90e1\",\"name\":\"abstracts\",\"image\":{\"@type\":\"ImageObject\",\"inLanguage\":\"fr-FR\",\"@id\":\"https:\/\/secure.gravatar.com\/avatar\/2bb25d9cedd377e33f0ebc4fb5994a2f9d3e02f897704acdcc173c15b7c75253?s=96&d=mm&r=g\",\"url\":\"https:\/\/secure.gravatar.com\/avatar\/2bb25d9cedd377e33f0ebc4fb5994a2f9d3e02f897704acdcc173c15b7c75253?s=96&d=mm&r=g\",\"contentUrl\":\"https:\/\/secure.gravatar.com\/avatar\/2bb25d9cedd377e33f0ebc4fb5994a2f9d3e02f897704acdcc173c15b7c75253?s=96&d=mm&r=g\",\"caption\":\"abstracts\"},\"url\":\"https:\/\/angh.net\/abstracts\/author\/abstracts\/\"}]}<\/script>\n<!-- \/ Yoast SEO plugin. -->","yoast_head_json":{"title":"Prise en charge diagnostique, th\u00e9rapeutique et facteurs pr\u00e9dictifs de l\u00e9sions gastrointestinales chez les personnes \u00e2g\u00e9es de plus de 75 ans ayant une an\u00e9mie ferriprive: \u00e9tude prospective chez 108 patients - Abstracts des congr\u00e8s de l&#039;ANGH","description":"ANGH R\u00e9sum\u00e9s congr\u00e8s H\u00e9patologie Gastroent\u00e9romogie Hepatology Gastroenterology Etudes cliniques Clinical study","robots":{"index":"index","follow":"follow","max-snippet":"max-snippet:-1","max-image-preview":"max-image-preview:large","max-video-preview":"max-video-preview:-1"},"canonical":"https:\/\/angh.net\/abstracts\/prise-en-charge-diagnostique-therapeutique-et-facteurs-predictifs-de-lesions-gastrointestinales-chez-les-personnes-agees-de-plus-de-75-ans-ayant-une-anemie-ferriprive-etude-prospective-chez-108-pati\/","og_locale":"fr_FR","og_type":"article","og_title":"Prise en charge diagnostique, th\u00e9rapeutique et facteurs pr\u00e9dictifs de l\u00e9sions gastrointestinales chez les personnes \u00e2g\u00e9es de plus de 75 ans ayant une an\u00e9mie ferriprive: \u00e9tude prospective chez 108 patients - Abstracts des congr\u00e8s de l&#039;ANGH","og_description":"ANGH R\u00e9sum\u00e9s congr\u00e8s H\u00e9patologie Gastroent\u00e9romogie Hepatology Gastroenterology Etudes cliniques Clinical study","og_url":"https:\/\/angh.net\/abstracts\/prise-en-charge-diagnostique-therapeutique-et-facteurs-predictifs-de-lesions-gastrointestinales-chez-les-personnes-agees-de-plus-de-75-ans-ayant-une-anemie-ferriprive-etude-prospective-chez-108-pati\/","og_site_name":"Abstracts des congr\u00e8s de l&#039;ANGH","article_publisher":"https:\/\/www.facebook.com\/ANGH-2136322560030484\/","article_published_time":"2005-10-01T00:00:00+00:00","article_modified_time":"2018-10-20T16:39:37+00:00","author":"abstracts","twitter_card":"summary_large_image","twitter_misc":{"\u00c9crit par":"abstracts","Dur\u00e9e de lecture estim\u00e9e":"2 minutes"},"schema":{"@context":"https:\/\/schema.org","@graph":[{"@type":"Article","@id":"https:\/\/angh.net\/abstracts\/prise-en-charge-diagnostique-therapeutique-et-facteurs-predictifs-de-lesions-gastrointestinales-chez-les-personnes-agees-de-plus-de-75-ans-ayant-une-anemie-ferriprive-etude-prospective-chez-108-pati\/#article","isPartOf":{"@id":"https:\/\/angh.net\/abstracts\/prise-en-charge-diagnostique-therapeutique-et-facteurs-predictifs-de-lesions-gastrointestinales-chez-les-personnes-agees-de-plus-de-75-ans-ayant-une-anemie-ferriprive-etude-prospective-chez-108-pati\/"},"author":{"name":"abstracts","@id":"https:\/\/angh.net\/abstracts\/#\/schema\/person\/f532083854369dca4b9f509cfbad90e1"},"headline":"Prise en charge diagnostique, th\u00e9rapeutique et facteurs pr\u00e9dictifs de l\u00e9sions gastrointestinales chez les personnes \u00e2g\u00e9es de plus de 75 ans ayant une an\u00e9mie ferriprive: \u00e9tude prospective chez 108 patients","datePublished":"2005-10-01T00:00:00+00:00","dateModified":"2018-10-20T16:39:37+00:00","mainEntityOfPage":{"@id":"https:\/\/angh.net\/abstracts\/prise-en-charge-diagnostique-therapeutique-et-facteurs-predictifs-de-lesions-gastrointestinales-chez-les-personnes-agees-de-plus-de-75-ans-ayant-une-anemie-ferriprive-etude-prospective-chez-108-pati\/"},"wordCount":483,"commentCount":0,"publisher":{"@id":"https:\/\/angh.net\/abstracts\/#organization"},"keywords":["2005"],"articleSection":["Gastroenterologie"],"inLanguage":"fr-FR"},{"@type":"WebPage","@id":"https:\/\/angh.net\/abstracts\/prise-en-charge-diagnostique-therapeutique-et-facteurs-predictifs-de-lesions-gastrointestinales-chez-les-personnes-agees-de-plus-de-75-ans-ayant-une-anemie-ferriprive-etude-prospective-chez-108-pati\/","url":"https:\/\/angh.net\/abstracts\/prise-en-charge-diagnostique-therapeutique-et-facteurs-predictifs-de-lesions-gastrointestinales-chez-les-personnes-agees-de-plus-de-75-ans-ayant-une-anemie-ferriprive-etude-prospective-chez-108-pati\/","name":"Prise en charge diagnostique, th\u00e9rapeutique et facteurs pr\u00e9dictifs de l\u00e9sions gastrointestinales chez les personnes \u00e2g\u00e9es de plus de 75 ans ayant une an\u00e9mie ferriprive: \u00e9tude prospective chez 108 patients - Abstracts des congr\u00e8s de l&#039;ANGH","isPartOf":{"@id":"https:\/\/angh.net\/abstracts\/#website"},"datePublished":"2005-10-01T00:00:00+00:00","dateModified":"2018-10-20T16:39:37+00:00","description":"ANGH R\u00e9sum\u00e9s congr\u00e8s H\u00e9patologie Gastroent\u00e9romogie Hepatology Gastroenterology Etudes cliniques Clinical study","breadcrumb":{"@id":"https:\/\/angh.net\/abstracts\/prise-en-charge-diagnostique-therapeutique-et-facteurs-predictifs-de-lesions-gastrointestinales-chez-les-personnes-agees-de-plus-de-75-ans-ayant-une-anemie-ferriprive-etude-prospective-chez-108-pati\/#breadcrumb"},"inLanguage":"fr-FR","potentialAction":[{"@type":"ReadAction","target":["https:\/\/angh.net\/abstracts\/prise-en-charge-diagnostique-therapeutique-et-facteurs-predictifs-de-lesions-gastrointestinales-chez-les-personnes-agees-de-plus-de-75-ans-ayant-une-anemie-ferriprive-etude-prospective-chez-108-pati\/"]}]},{"@type":"BreadcrumbList","@id":"https:\/\/angh.net\/abstracts\/prise-en-charge-diagnostique-therapeutique-et-facteurs-predictifs-de-lesions-gastrointestinales-chez-les-personnes-agees-de-plus-de-75-ans-ayant-une-anemie-ferriprive-etude-prospective-chez-108-pati\/#breadcrumb","itemListElement":[{"@type":"ListItem","position":1,"name":"Accueil","item":"https:\/\/angh.net\/abstracts\/"},{"@type":"ListItem","position":2,"name":"Prise en charge diagnostique, th\u00e9rapeutique et facteurs pr\u00e9dictifs de l\u00e9sions gastrointestinales chez les personnes \u00e2g\u00e9es de plus de 75 ans ayant une an\u00e9mie ferriprive: \u00e9tude prospective chez 108 patients"}]},{"@type":"WebSite","@id":"https:\/\/angh.net\/abstracts\/#website","url":"https:\/\/angh.net\/abstracts\/","name":"Abstracts des congr\u00e8s de l&#039;ANGH","description":"Base de donn\u00e9es des abstracts du congr\u00e8s depuis 2003","publisher":{"@id":"https:\/\/angh.net\/abstracts\/#organization"},"potentialAction":[{"@type":"SearchAction","target":{"@type":"EntryPoint","urlTemplate":"https:\/\/angh.net\/abstracts\/?s={search_term_string}"},"query-input":{"@type":"PropertyValueSpecification","valueRequired":true,"valueName":"search_term_string"}}],"inLanguage":"fr-FR"},{"@type":"Organization","@id":"https:\/\/angh.net\/abstracts\/#organization","name":"ANGH","url":"https:\/\/angh.net\/abstracts\/","logo":{"@type":"ImageObject","inLanguage":"fr-FR","@id":"https:\/\/angh.net\/abstracts\/#\/schema\/logo\/image\/","url":"https:\/\/angh.net\/abstracts\/wp-content\/uploads\/sites\/2\/2018\/10\/logo_angh_2018_-48px.jpg","contentUrl":"https:\/\/angh.net\/abstracts\/wp-content\/uploads\/sites\/2\/2018\/10\/logo_angh_2018_-48px.jpg","width":48,"height":18,"caption":"ANGH"},"image":{"@id":"https:\/\/angh.net\/abstracts\/#\/schema\/logo\/image\/"},"sameAs":["https:\/\/www.facebook.com\/ANGH-2136322560030484\/"]},{"@type":"Person","@id":"https:\/\/angh.net\/abstracts\/#\/schema\/person\/f532083854369dca4b9f509cfbad90e1","name":"abstracts","image":{"@type":"ImageObject","inLanguage":"fr-FR","@id":"https:\/\/secure.gravatar.com\/avatar\/2bb25d9cedd377e33f0ebc4fb5994a2f9d3e02f897704acdcc173c15b7c75253?s=96&d=mm&r=g","url":"https:\/\/secure.gravatar.com\/avatar\/2bb25d9cedd377e33f0ebc4fb5994a2f9d3e02f897704acdcc173c15b7c75253?s=96&d=mm&r=g","contentUrl":"https:\/\/secure.gravatar.com\/avatar\/2bb25d9cedd377e33f0ebc4fb5994a2f9d3e02f897704acdcc173c15b7c75253?s=96&d=mm&r=g","caption":"abstracts"},"url":"https:\/\/angh.net\/abstracts\/author\/abstracts\/"}]}},"_links":{"self":[{"href":"https:\/\/angh.net\/abstracts\/wp-json\/wp\/v2\/posts\/1787","targetHints":{"allow":["GET"]}}],"collection":[{"href":"https:\/\/angh.net\/abstracts\/wp-json\/wp\/v2\/posts"}],"about":[{"href":"https:\/\/angh.net\/abstracts\/wp-json\/wp\/v2\/types\/post"}],"author":[{"embeddable":true,"href":"https:\/\/angh.net\/abstracts\/wp-json\/wp\/v2\/users\/2"}],"replies":[{"embeddable":true,"href":"https:\/\/angh.net\/abstracts\/wp-json\/wp\/v2\/comments?post=1787"}],"version-history":[{"count":0,"href":"https:\/\/angh.net\/abstracts\/wp-json\/wp\/v2\/posts\/1787\/revisions"}],"wp:attachment":[{"href":"https:\/\/angh.net\/abstracts\/wp-json\/wp\/v2\/media?parent=1787"}],"wp:term":[{"taxonomy":"category","embeddable":true,"href":"https:\/\/angh.net\/abstracts\/wp-json\/wp\/v2\/categories?post=1787"},{"taxonomy":"post_tag","embeddable":true,"href":"https:\/\/angh.net\/abstracts\/wp-json\/wp\/v2\/tags?post=1787"}],"curies":[{"name":"wp","href":"https:\/\/api.w.org\/{rel}","templated":true}]}}