{"id":1919,"date":"2011-10-01T01:00:00","date_gmt":"2011-10-01T00:00:00","guid":{"rendered":"https:\/\/angh.net\/abstracts\/prevalence-sero-virologique-du-virus-de-lhepatite-e-au-sein-dune-cohorte-de-malades-porteurs-dune-hepatite-c-chronique-du-sud-est-de-la-france\/"},"modified":"2018-10-20T18:39:58","modified_gmt":"2018-10-20T16:39:58","slug":"prevalence-sero-virologique-du-virus-de-lhepatite-e-au-sein-dune-cohorte-de-malades-porteurs-dune-hepatite-c-chronique-du-sud-est-de-la-france","status":"publish","type":"post","link":"https:\/\/angh.net\/abstracts\/prevalence-sero-virologique-du-virus-de-lhepatite-e-au-sein-dune-cohorte-de-malades-porteurs-dune-hepatite-c-chronique-du-sud-est-de-la-france\/","title":{"rendered":"Pr\u00e9valence s\u00e9ro-virologique du virus de l\u2019h\u00e9patite E au sein d\u2019une cohorte de malades porteurs d\u2019une h\u00e9patite C chronique du sud-est de la France"},"content":{"rendered":"<p><strong>2011<\/strong><\/p>\n<p><em>C Renou Hy\u00e8res &#8211; CH Hy\u00e8res &#8211; H\u00f4pital de Jour, S  Tess\u00e9 Paris &#8211; H\u00f4pital du Val-De-Gr\u00e2ce &#8211; Service de Biologie, E Nicand Paris &#8211; H\u00f4pital du Val-De-Gr\u00e2ce &#8211; Service de Biologie, A Roque-Alonso Paris &#8211; H\u00f4pital Paul-Brousse &#8211; N Pavio Maisons-Alfort &#8211; Afssa Lerpaz, Enva, Inra &#8211; Umr 1161 Virologie, G  P\u00e9naranda Marseille &#8211; Laboratoire Alphabio &#8211; Service de Virologie, M  Bourli\u00e8re Marseille &#8211; H\u00f4pital Saint-Joseph &#8211; Service d&rsquo;H\u00e9pato-Gastroent\u00e9rologie, R  Anty Nice &#8211; CHU de Nice &#8211; Service d&rsquo;H\u00e9pato-Gastroent\u00e9rologie D  Ouzan Saint-Laurent-Du-Var &#8211; Institut Arnault Tzanck &#8211; Service d&rsquo;H\u00e9pato-Gastroent\u00e9rologie, R G\u00e9rolami Marseille &#8211; CHU La Conception &#8211; Service d&rsquo;H\u00e9pato-Gastroent\u00e9rologie, D Botta Marseille &#8211; CHU La Conception &#8211; Service d&rsquo;H\u00e9pato-Gastroent\u00e9rologie, P Halfon Marseille &#8211; Laboratoire Alphabio &#8211; Service de Virologie<\/em><\/p>\n<p><strong>H\u00e9patologie <\/strong>&#8211; \u00a02011-05-11 &#8211;\u00a0CO &#8211;<\/p>\n<p>________________________________<\/p>\n<p>Trois \u00e0 21% de la population g\u00e9n\u00e9rale des pays industrialis\u00e9s pr\u00e9sentent des anticorps IgG anti-VHE (3,2% dans le nord et 16,6% dans le sud de la France). Alors qu\u2019un taux \u00e9lev\u00e9 d\u2019anticorps IgG \u00e9tait retrouv\u00e9 chez les toxicomanes par voie intra-veineuse et qu\u2019une transmission du VHE par transfusion sanguine est reconnue, il n\u2019existe pas \u00e0 ce jour d\u2019\u00e9tude de s\u00e9ro-pr\u00e9valence du VHE dans les pays industrialis\u00e9s chez les malades porteurs d\u2019une h\u00e9patite C chronique. Le but de cette \u00e9tude est d\u2019\u00e9valuer la pr\u00e9valence s\u00e9ro-virologique du VHE dans une cohorte de 237 malades porteurs d\u2019une h\u00e9patite C chronique du sud-est de la France.<br \/>\nPatients et m\u00e9thodes : 237 malades non trait\u00e9s pour le VHC \u00e9taient prospectivement et cons\u00e9cutivement inclus \u00e0 partir de 5 h\u00f4pitaux du sud-est de la France (base de donn\u00e9es centralis\u00e9e PBH). Le bilan biologique, le pr\u00e9l\u00e8vement pour la s\u00e9roth\u00e8que (-80\u00b0C) et la PBH \u00e9tait r\u00e9alis\u00e9s de mani\u00e8re simultan\u00e9e. La recherche des anticorps IgG et IgM anti-VHE \u00e9tait effectu\u00e9e sur s\u00e9roth\u00e8que (EIAgen HEV IgG, EIAgen HEV-IgM, Adaltis, Montr\u00e9al, Canada). La recherche de l\u2019ARN du VHE \u00e9tait syst\u00e9matiquement r\u00e9alis\u00e9e au niveau de la r\u00e9gion ORF2 par un technique \u201cmaison\u201d. L\u2019index d\u2019avidit\u00e9 des IgG \u00e9tait d\u00e9termin\u00e9 pour tout pr\u00e9l\u00e8vement ayant une positivit\u00e9 des IgG afin de diff\u00e9rentier une infection r\u00e9cente d\u2019une infection ancienne.<br \/>\nR\u00e9sultats : aucun des 237 malades ne pr\u00e9sentaient de sympt\u00f4mes en faveur d\u2019une h\u00e9patite aigu\u00eb. Tous les malades avaient un AgHBs et une s\u00e9rologie VIH n\u00e9gatifs. Vingt-trois des 237 malades pr\u00e9sentaient des anticorps IgG anti-VHE positifs et isol\u00e9s (9,7%). Le groupe des malades avec des anticorps IgG anti-VHE positifs avaient un \u00e2ge plus \u00e9lev\u00e9 (45+\/-14 years vs 54+\/-22 years, p=0.05). L\u2019index d\u2019avidit\u00e9 des IgG \u00e9tait inf\u00e9rieur \u00e0 40% dans 13 cas, sup\u00e9rieur \u00e0 40% dans 4 cas et non r\u00e9alis\u00e9 dans les 6 derniers cas. Douze des 13 malades ayant un index d\u2019avidit\u00e9 des IgG inf\u00e9rieur \u00e0 40% avaient des taux d\u2019anticorps IgG anti-VHE sup\u00e9rieurs \u00e0 2 (limite de positivit\u00e9 \u00e0 1) constat en faveur d\u2019un fausse n\u00e9gativit\u00e9 de l\u2019index d\u2019avidit\u00e9 des IgG et d\u2019une vraie positivit\u00e9 des anticorps IgG anti-VHE. Un malade pr\u00e9sentait des anticorps IgG et IgM anti-VHE positifs associ\u00e9s \u00e0 un index d\u2019avidit\u00e9 inf\u00e9rieur \u00e0 40%, toutefois le taux des transaminases \u00e9taient sub-normal et l\u2019ARN du VHE n\u00e9gatif (tableau d\u2019h\u00e9patite aigu\u00eb r\u00e9cente). Aucun des 237 malades n\u2019avaient un ARN du VHE positif.<br \/>\nConclusion : le taux d\u2019anticorps IgG anti-VHE de cette cohorte de malades porteurs d\u2019une h\u00e9patite C du sud-est de la France est de 9,7%, valeur sup\u00e9rieure \u00e0 celle des donneurs de sang du nord mais inf\u00e9rieure \u00e0 celle de ceux du sud-ouest de la France. Les malades porteurs d\u2019une h\u00e9patite C chronique du sud-est de la France ne pr\u00e9sentent pas un risque major\u00e9 de contamination par le VHE.<\/p>\n","protected":false},"excerpt":{"rendered":"<p>2011 C Renou Hy\u00e8res &#8211; CH Hy\u00e8res &#8211; H\u00f4pital de Jour, S Tess\u00e9 Paris &#8211; H\u00f4pital du Val-De-Gr\u00e2ce &#8211; Service de Biologie, E Nicand Paris &#8211; H\u00f4pital du Val-De-Gr\u00e2ce &#8211; Service de Biologie, A Roque-Alonso Paris &#8211; H\u00f4pital Paul-Brousse &#8211; N Pavio Maisons-Alfort &#8211; Afssa Lerpaz, Enva, Inra &#8211; Umr 1161 Virologie, G P\u00e9naranda Marseille [&hellip;]<\/p>\n","protected":false},"author":2,"featured_media":0,"comment_status":"open","ping_status":"open","sticky":false,"template":"","format":"standard","meta":{"_exactmetrics_skip_tracking":false,"_exactmetrics_sitenote_active":false,"_exactmetrics_sitenote_note":"","_exactmetrics_sitenote_category":0,"footnotes":""},"categories":[3],"tags":[22],"class_list":["post-1919","post","type-post","status-publish","format-standard","hentry","category-hepatologie","tag-22"],"yoast_head":"<!-- This site is optimized with the Yoast SEO plugin v27.2 - https:\/\/yoast.com\/product\/yoast-seo-wordpress\/ -->\n<title>Pr\u00e9valence s\u00e9ro-virologique du virus de l\u2019h\u00e9patite E au sein d\u2019une cohorte de malades porteurs d\u2019une h\u00e9patite C chronique du sud-est de la France - Abstracts des congr\u00e8s de l&#039;ANGH<\/title>\n<meta name=\"description\" content=\"ANGH R\u00e9sum\u00e9s congr\u00e8s H\u00e9patologie Gastroent\u00e9romogie Hepatology Gastroenterology Etudes cliniques Clinical study\" \/>\n<meta name=\"robots\" content=\"index, follow, max-snippet:-1, max-image-preview:large, max-video-preview:-1\" \/>\n<link rel=\"canonical\" href=\"https:\/\/angh.net\/abstracts\/prevalence-sero-virologique-du-virus-de-lhepatite-e-au-sein-dune-cohorte-de-malades-porteurs-dune-hepatite-c-chronique-du-sud-est-de-la-france\/\" \/>\n<meta property=\"og:locale\" content=\"fr_FR\" \/>\n<meta property=\"og:type\" content=\"article\" \/>\n<meta property=\"og:title\" content=\"Pr\u00e9valence s\u00e9ro-virologique du virus de l\u2019h\u00e9patite E au sein d\u2019une cohorte de malades porteurs d\u2019une h\u00e9patite C chronique du sud-est de la France - Abstracts des congr\u00e8s de l&#039;ANGH\" \/>\n<meta property=\"og:description\" content=\"ANGH R\u00e9sum\u00e9s congr\u00e8s H\u00e9patologie Gastroent\u00e9romogie Hepatology Gastroenterology Etudes cliniques Clinical study\" \/>\n<meta property=\"og:url\" content=\"https:\/\/angh.net\/abstracts\/prevalence-sero-virologique-du-virus-de-lhepatite-e-au-sein-dune-cohorte-de-malades-porteurs-dune-hepatite-c-chronique-du-sud-est-de-la-france\/\" \/>\n<meta property=\"og:site_name\" content=\"Abstracts des congr\u00e8s de l&#039;ANGH\" \/>\n<meta property=\"article:publisher\" content=\"https:\/\/www.facebook.com\/ANGH-2136322560030484\/\" \/>\n<meta property=\"article:published_time\" content=\"2011-10-01T00:00:00+00:00\" \/>\n<meta property=\"article:modified_time\" content=\"2018-10-20T16:39:58+00:00\" \/>\n<meta name=\"author\" content=\"abstracts\" \/>\n<meta name=\"twitter:card\" content=\"summary_large_image\" \/>\n<meta name=\"twitter:label1\" content=\"\u00c9crit par\" \/>\n\t<meta name=\"twitter:data1\" content=\"abstracts\" \/>\n\t<meta name=\"twitter:label2\" content=\"Dur\u00e9e de lecture estim\u00e9e\" \/>\n\t<meta name=\"twitter:data2\" content=\"3 minutes\" \/>\n<script type=\"application\/ld+json\" class=\"yoast-schema-graph\">{\"@context\":\"https:\/\/schema.org\",\"@graph\":[{\"@type\":\"Article\",\"@id\":\"https:\/\/angh.net\/abstracts\/prevalence-sero-virologique-du-virus-de-lhepatite-e-au-sein-dune-cohorte-de-malades-porteurs-dune-hepatite-c-chronique-du-sud-est-de-la-france\/#article\",\"isPartOf\":{\"@id\":\"https:\/\/angh.net\/abstracts\/prevalence-sero-virologique-du-virus-de-lhepatite-e-au-sein-dune-cohorte-de-malades-porteurs-dune-hepatite-c-chronique-du-sud-est-de-la-france\/\"},\"author\":{\"name\":\"abstracts\",\"@id\":\"https:\/\/angh.net\/abstracts\/#\/schema\/person\/f532083854369dca4b9f509cfbad90e1\"},\"headline\":\"Pr\u00e9valence s\u00e9ro-virologique du virus de l\u2019h\u00e9patite E au sein d\u2019une cohorte de malades porteurs d\u2019une h\u00e9patite C chronique du sud-est de la France\",\"datePublished\":\"2011-10-01T00:00:00+00:00\",\"dateModified\":\"2018-10-20T16:39:58+00:00\",\"mainEntityOfPage\":{\"@id\":\"https:\/\/angh.net\/abstracts\/prevalence-sero-virologique-du-virus-de-lhepatite-e-au-sein-dune-cohorte-de-malades-porteurs-dune-hepatite-c-chronique-du-sud-est-de-la-france\/\"},\"wordCount\":695,\"commentCount\":0,\"publisher\":{\"@id\":\"https:\/\/angh.net\/abstracts\/#organization\"},\"keywords\":[\"2011\"],\"articleSection\":[\"Hepatologie\"],\"inLanguage\":\"fr-FR\"},{\"@type\":\"WebPage\",\"@id\":\"https:\/\/angh.net\/abstracts\/prevalence-sero-virologique-du-virus-de-lhepatite-e-au-sein-dune-cohorte-de-malades-porteurs-dune-hepatite-c-chronique-du-sud-est-de-la-france\/\",\"url\":\"https:\/\/angh.net\/abstracts\/prevalence-sero-virologique-du-virus-de-lhepatite-e-au-sein-dune-cohorte-de-malades-porteurs-dune-hepatite-c-chronique-du-sud-est-de-la-france\/\",\"name\":\"Pr\u00e9valence s\u00e9ro-virologique du virus de l\u2019h\u00e9patite E au sein d\u2019une cohorte de malades porteurs d\u2019une h\u00e9patite C chronique du sud-est de la France - Abstracts des congr\u00e8s de l&#039;ANGH\",\"isPartOf\":{\"@id\":\"https:\/\/angh.net\/abstracts\/#website\"},\"datePublished\":\"2011-10-01T00:00:00+00:00\",\"dateModified\":\"2018-10-20T16:39:58+00:00\",\"description\":\"ANGH R\u00e9sum\u00e9s congr\u00e8s H\u00e9patologie Gastroent\u00e9romogie Hepatology Gastroenterology Etudes cliniques Clinical study\",\"breadcrumb\":{\"@id\":\"https:\/\/angh.net\/abstracts\/prevalence-sero-virologique-du-virus-de-lhepatite-e-au-sein-dune-cohorte-de-malades-porteurs-dune-hepatite-c-chronique-du-sud-est-de-la-france\/#breadcrumb\"},\"inLanguage\":\"fr-FR\",\"potentialAction\":[{\"@type\":\"ReadAction\",\"target\":[\"https:\/\/angh.net\/abstracts\/prevalence-sero-virologique-du-virus-de-lhepatite-e-au-sein-dune-cohorte-de-malades-porteurs-dune-hepatite-c-chronique-du-sud-est-de-la-france\/\"]}]},{\"@type\":\"BreadcrumbList\",\"@id\":\"https:\/\/angh.net\/abstracts\/prevalence-sero-virologique-du-virus-de-lhepatite-e-au-sein-dune-cohorte-de-malades-porteurs-dune-hepatite-c-chronique-du-sud-est-de-la-france\/#breadcrumb\",\"itemListElement\":[{\"@type\":\"ListItem\",\"position\":1,\"name\":\"Accueil\",\"item\":\"https:\/\/angh.net\/abstracts\/\"},{\"@type\":\"ListItem\",\"position\":2,\"name\":\"Pr\u00e9valence s\u00e9ro-virologique du virus de l\u2019h\u00e9patite E au sein d\u2019une cohorte de malades porteurs d\u2019une h\u00e9patite C chronique du sud-est de la France\"}]},{\"@type\":\"WebSite\",\"@id\":\"https:\/\/angh.net\/abstracts\/#website\",\"url\":\"https:\/\/angh.net\/abstracts\/\",\"name\":\"Abstracts des congr\u00e8s de l&#039;ANGH\",\"description\":\"Base de donn\u00e9es des abstracts du congr\u00e8s depuis 2003\",\"publisher\":{\"@id\":\"https:\/\/angh.net\/abstracts\/#organization\"},\"potentialAction\":[{\"@type\":\"SearchAction\",\"target\":{\"@type\":\"EntryPoint\",\"urlTemplate\":\"https:\/\/angh.net\/abstracts\/?s={search_term_string}\"},\"query-input\":{\"@type\":\"PropertyValueSpecification\",\"valueRequired\":true,\"valueName\":\"search_term_string\"}}],\"inLanguage\":\"fr-FR\"},{\"@type\":\"Organization\",\"@id\":\"https:\/\/angh.net\/abstracts\/#organization\",\"name\":\"ANGH\",\"url\":\"https:\/\/angh.net\/abstracts\/\",\"logo\":{\"@type\":\"ImageObject\",\"inLanguage\":\"fr-FR\",\"@id\":\"https:\/\/angh.net\/abstracts\/#\/schema\/logo\/image\/\",\"url\":\"https:\/\/angh.net\/abstracts\/wp-content\/uploads\/sites\/2\/2018\/10\/logo_angh_2018_-48px.jpg\",\"contentUrl\":\"https:\/\/angh.net\/abstracts\/wp-content\/uploads\/sites\/2\/2018\/10\/logo_angh_2018_-48px.jpg\",\"width\":48,\"height\":18,\"caption\":\"ANGH\"},\"image\":{\"@id\":\"https:\/\/angh.net\/abstracts\/#\/schema\/logo\/image\/\"},\"sameAs\":[\"https:\/\/www.facebook.com\/ANGH-2136322560030484\/\"]},{\"@type\":\"Person\",\"@id\":\"https:\/\/angh.net\/abstracts\/#\/schema\/person\/f532083854369dca4b9f509cfbad90e1\",\"name\":\"abstracts\",\"image\":{\"@type\":\"ImageObject\",\"inLanguage\":\"fr-FR\",\"@id\":\"https:\/\/secure.gravatar.com\/avatar\/2bb25d9cedd377e33f0ebc4fb5994a2f9d3e02f897704acdcc173c15b7c75253?s=96&d=mm&r=g\",\"url\":\"https:\/\/secure.gravatar.com\/avatar\/2bb25d9cedd377e33f0ebc4fb5994a2f9d3e02f897704acdcc173c15b7c75253?s=96&d=mm&r=g\",\"contentUrl\":\"https:\/\/secure.gravatar.com\/avatar\/2bb25d9cedd377e33f0ebc4fb5994a2f9d3e02f897704acdcc173c15b7c75253?s=96&d=mm&r=g\",\"caption\":\"abstracts\"},\"url\":\"https:\/\/angh.net\/abstracts\/author\/abstracts\/\"}]}<\/script>\n<!-- \/ Yoast SEO plugin. -->","yoast_head_json":{"title":"Pr\u00e9valence s\u00e9ro-virologique du virus de l\u2019h\u00e9patite E au sein d\u2019une cohorte de malades porteurs d\u2019une h\u00e9patite C chronique du sud-est de la France - Abstracts des congr\u00e8s de l&#039;ANGH","description":"ANGH R\u00e9sum\u00e9s congr\u00e8s H\u00e9patologie Gastroent\u00e9romogie Hepatology Gastroenterology Etudes cliniques Clinical study","robots":{"index":"index","follow":"follow","max-snippet":"max-snippet:-1","max-image-preview":"max-image-preview:large","max-video-preview":"max-video-preview:-1"},"canonical":"https:\/\/angh.net\/abstracts\/prevalence-sero-virologique-du-virus-de-lhepatite-e-au-sein-dune-cohorte-de-malades-porteurs-dune-hepatite-c-chronique-du-sud-est-de-la-france\/","og_locale":"fr_FR","og_type":"article","og_title":"Pr\u00e9valence s\u00e9ro-virologique du virus de l\u2019h\u00e9patite E au sein d\u2019une cohorte de malades porteurs d\u2019une h\u00e9patite C chronique du sud-est de la France - Abstracts des congr\u00e8s de l&#039;ANGH","og_description":"ANGH R\u00e9sum\u00e9s congr\u00e8s H\u00e9patologie Gastroent\u00e9romogie Hepatology Gastroenterology Etudes cliniques Clinical study","og_url":"https:\/\/angh.net\/abstracts\/prevalence-sero-virologique-du-virus-de-lhepatite-e-au-sein-dune-cohorte-de-malades-porteurs-dune-hepatite-c-chronique-du-sud-est-de-la-france\/","og_site_name":"Abstracts des congr\u00e8s de l&#039;ANGH","article_publisher":"https:\/\/www.facebook.com\/ANGH-2136322560030484\/","article_published_time":"2011-10-01T00:00:00+00:00","article_modified_time":"2018-10-20T16:39:58+00:00","author":"abstracts","twitter_card":"summary_large_image","twitter_misc":{"\u00c9crit par":"abstracts","Dur\u00e9e de lecture estim\u00e9e":"3 minutes"},"schema":{"@context":"https:\/\/schema.org","@graph":[{"@type":"Article","@id":"https:\/\/angh.net\/abstracts\/prevalence-sero-virologique-du-virus-de-lhepatite-e-au-sein-dune-cohorte-de-malades-porteurs-dune-hepatite-c-chronique-du-sud-est-de-la-france\/#article","isPartOf":{"@id":"https:\/\/angh.net\/abstracts\/prevalence-sero-virologique-du-virus-de-lhepatite-e-au-sein-dune-cohorte-de-malades-porteurs-dune-hepatite-c-chronique-du-sud-est-de-la-france\/"},"author":{"name":"abstracts","@id":"https:\/\/angh.net\/abstracts\/#\/schema\/person\/f532083854369dca4b9f509cfbad90e1"},"headline":"Pr\u00e9valence s\u00e9ro-virologique du virus de l\u2019h\u00e9patite E au sein d\u2019une cohorte de malades porteurs d\u2019une h\u00e9patite C chronique du sud-est de la France","datePublished":"2011-10-01T00:00:00+00:00","dateModified":"2018-10-20T16:39:58+00:00","mainEntityOfPage":{"@id":"https:\/\/angh.net\/abstracts\/prevalence-sero-virologique-du-virus-de-lhepatite-e-au-sein-dune-cohorte-de-malades-porteurs-dune-hepatite-c-chronique-du-sud-est-de-la-france\/"},"wordCount":695,"commentCount":0,"publisher":{"@id":"https:\/\/angh.net\/abstracts\/#organization"},"keywords":["2011"],"articleSection":["Hepatologie"],"inLanguage":"fr-FR"},{"@type":"WebPage","@id":"https:\/\/angh.net\/abstracts\/prevalence-sero-virologique-du-virus-de-lhepatite-e-au-sein-dune-cohorte-de-malades-porteurs-dune-hepatite-c-chronique-du-sud-est-de-la-france\/","url":"https:\/\/angh.net\/abstracts\/prevalence-sero-virologique-du-virus-de-lhepatite-e-au-sein-dune-cohorte-de-malades-porteurs-dune-hepatite-c-chronique-du-sud-est-de-la-france\/","name":"Pr\u00e9valence s\u00e9ro-virologique du virus de l\u2019h\u00e9patite E au sein d\u2019une cohorte de malades porteurs d\u2019une h\u00e9patite C chronique du sud-est de la France - Abstracts des congr\u00e8s de l&#039;ANGH","isPartOf":{"@id":"https:\/\/angh.net\/abstracts\/#website"},"datePublished":"2011-10-01T00:00:00+00:00","dateModified":"2018-10-20T16:39:58+00:00","description":"ANGH R\u00e9sum\u00e9s congr\u00e8s H\u00e9patologie Gastroent\u00e9romogie Hepatology Gastroenterology Etudes cliniques Clinical study","breadcrumb":{"@id":"https:\/\/angh.net\/abstracts\/prevalence-sero-virologique-du-virus-de-lhepatite-e-au-sein-dune-cohorte-de-malades-porteurs-dune-hepatite-c-chronique-du-sud-est-de-la-france\/#breadcrumb"},"inLanguage":"fr-FR","potentialAction":[{"@type":"ReadAction","target":["https:\/\/angh.net\/abstracts\/prevalence-sero-virologique-du-virus-de-lhepatite-e-au-sein-dune-cohorte-de-malades-porteurs-dune-hepatite-c-chronique-du-sud-est-de-la-france\/"]}]},{"@type":"BreadcrumbList","@id":"https:\/\/angh.net\/abstracts\/prevalence-sero-virologique-du-virus-de-lhepatite-e-au-sein-dune-cohorte-de-malades-porteurs-dune-hepatite-c-chronique-du-sud-est-de-la-france\/#breadcrumb","itemListElement":[{"@type":"ListItem","position":1,"name":"Accueil","item":"https:\/\/angh.net\/abstracts\/"},{"@type":"ListItem","position":2,"name":"Pr\u00e9valence s\u00e9ro-virologique du virus de l\u2019h\u00e9patite E au sein d\u2019une cohorte de malades porteurs d\u2019une h\u00e9patite C chronique du sud-est de la France"}]},{"@type":"WebSite","@id":"https:\/\/angh.net\/abstracts\/#website","url":"https:\/\/angh.net\/abstracts\/","name":"Abstracts des congr\u00e8s de l&#039;ANGH","description":"Base de donn\u00e9es des abstracts du congr\u00e8s depuis 2003","publisher":{"@id":"https:\/\/angh.net\/abstracts\/#organization"},"potentialAction":[{"@type":"SearchAction","target":{"@type":"EntryPoint","urlTemplate":"https:\/\/angh.net\/abstracts\/?s={search_term_string}"},"query-input":{"@type":"PropertyValueSpecification","valueRequired":true,"valueName":"search_term_string"}}],"inLanguage":"fr-FR"},{"@type":"Organization","@id":"https:\/\/angh.net\/abstracts\/#organization","name":"ANGH","url":"https:\/\/angh.net\/abstracts\/","logo":{"@type":"ImageObject","inLanguage":"fr-FR","@id":"https:\/\/angh.net\/abstracts\/#\/schema\/logo\/image\/","url":"https:\/\/angh.net\/abstracts\/wp-content\/uploads\/sites\/2\/2018\/10\/logo_angh_2018_-48px.jpg","contentUrl":"https:\/\/angh.net\/abstracts\/wp-content\/uploads\/sites\/2\/2018\/10\/logo_angh_2018_-48px.jpg","width":48,"height":18,"caption":"ANGH"},"image":{"@id":"https:\/\/angh.net\/abstracts\/#\/schema\/logo\/image\/"},"sameAs":["https:\/\/www.facebook.com\/ANGH-2136322560030484\/"]},{"@type":"Person","@id":"https:\/\/angh.net\/abstracts\/#\/schema\/person\/f532083854369dca4b9f509cfbad90e1","name":"abstracts","image":{"@type":"ImageObject","inLanguage":"fr-FR","@id":"https:\/\/secure.gravatar.com\/avatar\/2bb25d9cedd377e33f0ebc4fb5994a2f9d3e02f897704acdcc173c15b7c75253?s=96&d=mm&r=g","url":"https:\/\/secure.gravatar.com\/avatar\/2bb25d9cedd377e33f0ebc4fb5994a2f9d3e02f897704acdcc173c15b7c75253?s=96&d=mm&r=g","contentUrl":"https:\/\/secure.gravatar.com\/avatar\/2bb25d9cedd377e33f0ebc4fb5994a2f9d3e02f897704acdcc173c15b7c75253?s=96&d=mm&r=g","caption":"abstracts"},"url":"https:\/\/angh.net\/abstracts\/author\/abstracts\/"}]}},"_links":{"self":[{"href":"https:\/\/angh.net\/abstracts\/wp-json\/wp\/v2\/posts\/1919","targetHints":{"allow":["GET"]}}],"collection":[{"href":"https:\/\/angh.net\/abstracts\/wp-json\/wp\/v2\/posts"}],"about":[{"href":"https:\/\/angh.net\/abstracts\/wp-json\/wp\/v2\/types\/post"}],"author":[{"embeddable":true,"href":"https:\/\/angh.net\/abstracts\/wp-json\/wp\/v2\/users\/2"}],"replies":[{"embeddable":true,"href":"https:\/\/angh.net\/abstracts\/wp-json\/wp\/v2\/comments?post=1919"}],"version-history":[{"count":0,"href":"https:\/\/angh.net\/abstracts\/wp-json\/wp\/v2\/posts\/1919\/revisions"}],"wp:attachment":[{"href":"https:\/\/angh.net\/abstracts\/wp-json\/wp\/v2\/media?parent=1919"}],"wp:term":[{"taxonomy":"category","embeddable":true,"href":"https:\/\/angh.net\/abstracts\/wp-json\/wp\/v2\/categories?post=1919"},{"taxonomy":"post_tag","embeddable":true,"href":"https:\/\/angh.net\/abstracts\/wp-json\/wp\/v2\/tags?post=1919"}],"curies":[{"name":"wp","href":"https:\/\/api.w.org\/{rel}","templated":true}]}}